{"id":3006,"date":"2018-03-11T19:23:43","date_gmt":"2018-03-11T18:23:43","guid":{"rendered":"http:\/\/pxc.tjo.mybluehost.me\/.website_ee8a6215\/?p=3006"},"modified":"2021-12-12T18:51:41","modified_gmt":"2021-12-12T17:51:41","slug":"marja-mortensson-nytt-album-mohjtestasse","status":"publish","type":"post","link":"https:\/\/vuelie.no\/en\/marja-mortensson-nytt-album-mohjtestasse\/","title":{"rendered":"Marja Mortensson, New album: Mojhtestasse \u2013 Cultural Heirlooms"},"content":{"rendered":"<h3><img loading=\"lazy\" decoding=\"async\" class=\"alignright size-full wp-image-3073\" src=\"https:\/\/vuelie.no\/wp-content\/uploads\/2018\/03\/news_vucd_812_v2.gif\" alt=\"\" width=\"191\" height=\"250\"><br \/>\nMojhtestasse (minnegave), nytt album ute n\u00e5!<\/h3>\n<p>Et knapt \u00e5r etter at hun ga ut sitt bejublede debutalbum er Marja Mortensson klar med sin utgivelse nummer to!<\/p>\n<p>Denne gangen har hun valgt \u00e5 la sin fantastiske stemme tre enda klarere fram \u2013 gjennom en minimalistisk og akustisk produksjon der joiken og r\u00f8ttene blir enda mer framtredende.<\/p>\n<p>Den unike besetningen med Daniel Herskedal p\u00e5 tuba\/basstrompet og Jakop Janss\u00f8nn p\u00e5 perkusjon skaper en intim ramme og et herlig levende lydbilde. Albumet l\u00f8fter fram Marja\u00b4s stemme, musikken og dens forankring i hennes s\u00f8r- og umesamiske kulturarv p\u00e5 en helt ny og betagende m\u00e5te!<\/p>\n<p>Utgangspunktet for utgivelsen var et prosjekt der Marja reiste rundt i det s\u00f8r- og umesamiske omr\u00e5det og samlet gamle joiker gjemt i ulike arkiver. Her er joikene l\u00f8ftet fram i lyset, b\u00e5de gjennom a cappella versjoner, arrangerte versjoner og nye komposisjoner som gir tradisjonen nytt liv.<\/p>\n<p>Musikken er solid forankret i Marjas samiske kulturarv, men har samtidig en egenart som trioen har utviklet gjennom \u00e5 ha en rekke konserter der materialet har f\u00e5tt lov til \u00e5 utvikle seg over tid. Arrangementene og komposisjonene framst\u00e5r derfor som helst\u00f8pte og gjennomarbeidet. N\u00e5r musikken formidles med de mesterlige kvalitetene trioen har b\u00e5de instrumentalt og vokalt blir dette tidl\u00f8s musikk som r\u00f8rer deg.<\/p>\n<p>[wp_cart_button name=&raquo;Mojhtestasse&raquo; price=&raquo;179.00&#8243; shipping=&raquo;0.001&#8243;]<\/p>\n<p><a href=\"https:\/\/vuelie.no\/?p=3076\">Nominert til Spellemannpris!<\/a><\/p>\n<p><a href=\"https:\/\/vuelie.no\/?p=3092\">Vinner av Spellemannpris<\/a><\/p>\n<div class=\"tidal-embed\" data-type=\"a\" data-id=\"85649827\">&nbsp;<\/div>\n<p><script src=\"https:\/\/embed.tidal.com\/tidal-embed.js\"><\/script><\/p>\n<p>&nbsp;<\/p>\n<p>&nbsp;<\/p>\n<p>&nbsp;<\/p>\n<p><a href=\"https:\/\/www.platekompaniet.no\/medvirkende\/marja-mortensson\/\" target=\"_blank\" rel=\"noopener\"><img loading=\"lazy\" decoding=\"async\" class=\"alignleft wp-image-3037 size-full\" src=\"https:\/\/vuelie.no\/wp-content\/uploads\/2018\/03\/platekompaniet.jpg\" alt=\"\" width=\"243\" height=\"121\"><\/a><\/p>\n<p><img loading=\"lazy\" decoding=\"async\" class=\"alignnone size-large wp-image-3052\" src=\"https:\/\/vuelie.no\/wp-content\/uploads\/2018\/03\/Mojhtestasse_anmeldelse_HA_600-600x590.jpg\" alt=\"\" width=\"600\" height=\"590\" srcset=\"https:\/\/vuelie.no\/wp-content\/uploads\/2018\/03\/Mojhtestasse_anmeldelse_HA_600.jpg 600w, https:\/\/vuelie.no\/wp-content\/uploads\/2018\/03\/Mojhtestasse_anmeldelse_HA_600-300x295.jpg 300w\" sizes=\"(max-width: 600px) 100vw, 600px\" \/><\/p>\n<p><a href=\"http:\/\/vuelie.net\/laste_ned\/Mojhestasse_Klassekampen_april_2018.jpg\" target=\"_blank\" rel=\"noopener\"><img loading=\"lazy\" decoding=\"async\" class=\"alignnone wp-image-3057 size-full\" src=\"https:\/\/vuelie.no\/wp-content\/uploads\/2018\/03\/Mojhestasse-Klassekampen-600.jpg\" alt=\"\" width=\"600\" height=\"1063\" srcset=\"https:\/\/vuelie.no\/wp-content\/uploads\/2018\/03\/Mojhestasse-Klassekampen-600.jpg 600w, https:\/\/vuelie.no\/wp-content\/uploads\/2018\/03\/Mojhestasse-Klassekampen-600-169x300.jpg 169w, https:\/\/vuelie.no\/wp-content\/uploads\/2018\/03\/Mojhestasse-Klassekampen-600-578x1024.jpg 578w\" sizes=\"(max-width: 600px) 100vw, 600px\" \/><\/a><\/p>\n<p><iframe loading=\"lazy\" src=\"https:\/\/www.youtube.com\/embed\/kr4kGjr0S4o\" width=\"600\" height=\"320\" frameborder=\"0\" allowfullscreen=\"allowfullscreen\"><\/iframe><br \/>\n<a href=\"https:\/\/vuelie.no\/wp-content\/uploads\/2018\/03\/Marja-pressemelding-2018-norsk.pdf\" target=\"_blank\" rel=\"noopener\"><img loading=\"lazy\" decoding=\"async\" class=\"alignleft wp-image-3022 size-large\" src=\"https:\/\/vuelie.no\/wp-content\/uploads\/2018\/03\/Marja-pressemelding-2018-norsk_600-600x835.jpg\" alt=\"\" width=\"600\" height=\"835\" srcset=\"https:\/\/vuelie.no\/wp-content\/uploads\/2018\/03\/Marja-pressemelding-2018-norsk_600.jpg 600w, https:\/\/vuelie.no\/wp-content\/uploads\/2018\/03\/Marja-pressemelding-2018-norsk_600-216x300.jpg 216w\" sizes=\"(max-width: 600px) 100vw, 600px\" \/><\/a><\/p>\n<p><img loading=\"lazy\" decoding=\"async\" class=\"alignleft wp-image-3025 size-full\" src=\"https:\/\/vuelie.no\/wp-content\/uploads\/2018\/03\/Foto-4-Frode-Fjellheim_600.jpg\" alt=\"\" width=\"600\" height=\"400\" srcset=\"https:\/\/vuelie.no\/wp-content\/uploads\/2018\/03\/Foto-4-Frode-Fjellheim_600.jpg 600w, https:\/\/vuelie.no\/wp-content\/uploads\/2018\/03\/Foto-4-Frode-Fjellheim_600-300x200.jpg 300w\" sizes=\"(max-width: 600px) 100vw, 600px\" \/><\/p>\n<p>&nbsp;<\/p>\n<p>&nbsp;<\/p>\n","protected":false},"excerpt":{"rendered":"<p>Mojhtestasse \u2013 Cultural Heirlooms, New Album out now!<\/p>\n<p>A mere year after she released her acclaimed debut album, Marja Mortensson\u00b4s second release is ready!<\/p>\n<p>This time around she has chosen to let her amazing voice shine even more clearly \u2013 through a minimalistic and acoustic production where her S\u00e1mi roots become more prominent.<\/p>\n<p>Ah, it's so nice, it's so elegant (Klassekampen)<br \/>\nThe album is really beautiful and adventurous! (HA)<\/p>","protected":false},"author":1,"featured_media":3073,"comment_status":"closed","ping_status":"closed","sticky":false,"template":"","format":"standard","meta":{"_et_pb_use_builder":"","_et_pb_old_content":"","_et_gb_content_width":"","ngg_post_thumbnail":0,"footnotes":""},"categories":[5,16],"tags":[],"class_list":["post-3006","post","type-post","status-publish","format-standard","has-post-thumbnail","hentry","category-cd-er","category-nyhetsarkiv"],"yoast_head":"<!-- This site is optimized with the Yoast SEO plugin v28.3 - https:\/\/yoast.com\/product\/yoast-seo-wordpress\/ -->\n<title>Marja Mortensson: Nytt album! Mojhtestasse - vuelie<\/title>\n<meta name=\"robots\" content=\"index, follow, max-snippet:-1, max-image-preview:large, max-video-preview:-1\" \/>\n<link rel=\"canonical\" href=\"https:\/\/vuelie.no\/en\/marja-mortensson-nytt-album-mohjtestasse\/\" \/>\n<meta property=\"og:locale\" content=\"en_US\" \/>\n<meta property=\"og:type\" content=\"article\" \/>\n<meta property=\"og:title\" content=\"Marja Mortensson: Nytt album! Mojhtestasse - vuelie\" \/>\n<meta property=\"og:description\" content=\"Mojhtestasse (minnegave), nytt album ute n\u00e5!  Et knapt \u00e5r etter at hun ga ut sitt bejublede debutalbum er Marja Mortensson klar med sin utgivelse nummer to!  Denne gangen har hun valgt \u00e5 la sin fantastiske stemme tre enda klarere fram \u2013 gjennom en minimalistisk og akustisk produksjon der joiken og r\u00f8ttene blir enda mer framtredende.  Ah, det er s\u00e5 fint, det er s\u00e5 elegant (Klassekampen) Albumet er virkelig vakkert og eventyrlig! (HA)\" \/>\n<meta property=\"og:url\" content=\"https:\/\/vuelie.no\/en\/marja-mortensson-nytt-album-mohjtestasse\/\" \/>\n<meta property=\"og:site_name\" content=\"vuelie\" \/>\n<meta property=\"article:published_time\" content=\"2018-03-11T18:23:43+00:00\" \/>\n<meta property=\"article:modified_time\" content=\"2021-12-12T17:51:41+00:00\" \/>\n<meta property=\"og:image\" content=\"https:\/\/vuelie.no\/wp-content\/uploads\/2018\/03\/news_vucd_812_v2.gif\" \/>\n\t<meta property=\"og:image:width\" content=\"191\" \/>\n\t<meta property=\"og:image:height\" content=\"250\" \/>\n\t<meta property=\"og:image:type\" content=\"image\/gif\" \/>\n<meta name=\"author\" content=\"frfjellh\" \/>\n<meta name=\"twitter:card\" content=\"summary_large_image\" \/>\n<meta name=\"twitter:label1\" content=\"Written by\" \/>\n\t<meta name=\"twitter:data1\" content=\"frfjellh\" \/>\n\t<meta name=\"twitter:label2\" content=\"Est. reading time\" \/>\n\t<meta name=\"twitter:data2\" content=\"1 minute\" \/>\n<script type=\"application\/ld+json\" class=\"yoast-schema-graph\">{\"@context\":\"https:\\\/\\\/schema.org\",\"@graph\":[{\"@type\":\"Article\",\"@id\":\"https:\\\/\\\/vuelie.no\\\/en\\\/marja-mortensson-nytt-album-mohjtestasse\\\/#article\",\"isPartOf\":{\"@id\":\"https:\\\/\\\/vuelie.no\\\/en\\\/marja-mortensson-nytt-album-mohjtestasse\\\/\"},\"author\":{\"name\":\"frfjellh\",\"@id\":\"https:\\\/\\\/vuelie.no\\\/en\\\/#\\\/schema\\\/person\\\/347123b20a6525788c1ad10d02db49bb\"},\"headline\":\"Marja Mortensson: Nytt album! Mojhtestasse\",\"datePublished\":\"2018-03-11T18:23:43+00:00\",\"dateModified\":\"2021-12-12T17:51:41+00:00\",\"mainEntityOfPage\":{\"@id\":\"https:\\\/\\\/vuelie.no\\\/en\\\/marja-mortensson-nytt-album-mohjtestasse\\\/\"},\"wordCount\":246,\"image\":{\"@id\":\"https:\\\/\\\/vuelie.no\\\/en\\\/marja-mortensson-nytt-album-mohjtestasse\\\/#primaryimage\"},\"thumbnailUrl\":\"https:\\\/\\\/vuelie.no\\\/wp-content\\\/uploads\\\/2018\\\/03\\\/news_vucd_812_v2.gif\",\"articleSection\":[\"Musikk\",\"Nyhetsarkiv\"],\"inLanguage\":\"en-US\"},{\"@type\":\"WebPage\",\"@id\":\"https:\\\/\\\/vuelie.no\\\/en\\\/marja-mortensson-nytt-album-mohjtestasse\\\/\",\"url\":\"https:\\\/\\\/vuelie.no\\\/en\\\/marja-mortensson-nytt-album-mohjtestasse\\\/\",\"name\":\"Marja Mortensson: Nytt album! Mojhtestasse - vuelie\",\"isPartOf\":{\"@id\":\"https:\\\/\\\/vuelie.no\\\/en\\\/#website\"},\"primaryImageOfPage\":{\"@id\":\"https:\\\/\\\/vuelie.no\\\/en\\\/marja-mortensson-nytt-album-mohjtestasse\\\/#primaryimage\"},\"image\":{\"@id\":\"https:\\\/\\\/vuelie.no\\\/en\\\/marja-mortensson-nytt-album-mohjtestasse\\\/#primaryimage\"},\"thumbnailUrl\":\"https:\\\/\\\/vuelie.no\\\/wp-content\\\/uploads\\\/2018\\\/03\\\/news_vucd_812_v2.gif\",\"datePublished\":\"2018-03-11T18:23:43+00:00\",\"dateModified\":\"2021-12-12T17:51:41+00:00\",\"author\":{\"@id\":\"https:\\\/\\\/vuelie.no\\\/en\\\/#\\\/schema\\\/person\\\/347123b20a6525788c1ad10d02db49bb\"},\"breadcrumb\":{\"@id\":\"https:\\\/\\\/vuelie.no\\\/en\\\/marja-mortensson-nytt-album-mohjtestasse\\\/#breadcrumb\"},\"inLanguage\":\"en-US\",\"potentialAction\":[{\"@type\":\"ReadAction\",\"target\":[\"https:\\\/\\\/vuelie.no\\\/en\\\/marja-mortensson-nytt-album-mohjtestasse\\\/\"]}]},{\"@type\":\"ImageObject\",\"inLanguage\":\"en-US\",\"@id\":\"https:\\\/\\\/vuelie.no\\\/en\\\/marja-mortensson-nytt-album-mohjtestasse\\\/#primaryimage\",\"url\":\"https:\\\/\\\/vuelie.no\\\/wp-content\\\/uploads\\\/2018\\\/03\\\/news_vucd_812_v2.gif\",\"contentUrl\":\"https:\\\/\\\/vuelie.no\\\/wp-content\\\/uploads\\\/2018\\\/03\\\/news_vucd_812_v2.gif\",\"width\":191,\"height\":250},{\"@type\":\"BreadcrumbList\",\"@id\":\"https:\\\/\\\/vuelie.no\\\/en\\\/marja-mortensson-nytt-album-mohjtestasse\\\/#breadcrumb\",\"itemListElement\":[{\"@type\":\"ListItem\",\"position\":1,\"name\":\"Home\",\"item\":\"https:\\\/\\\/vuelie.no\\\/en\\\/\"},{\"@type\":\"ListItem\",\"position\":2,\"name\":\"Marja Mortensson: Nytt album! Mojhtestasse\"}]},{\"@type\":\"WebSite\",\"@id\":\"https:\\\/\\\/vuelie.no\\\/en\\\/#website\",\"url\":\"https:\\\/\\\/vuelie.no\\\/en\\\/\",\"name\":\"vuelie\",\"description\":\"Vuelie\\\/Frode Fjellheim\",\"potentialAction\":[{\"@type\":\"SearchAction\",\"target\":{\"@type\":\"EntryPoint\",\"urlTemplate\":\"https:\\\/\\\/vuelie.no\\\/en\\\/?s={search_term_string}\"},\"query-input\":{\"@type\":\"PropertyValueSpecification\",\"valueRequired\":true,\"valueName\":\"search_term_string\"}}],\"inLanguage\":\"en-US\"},{\"@type\":\"Person\",\"@id\":\"https:\\\/\\\/vuelie.no\\\/en\\\/#\\\/schema\\\/person\\\/347123b20a6525788c1ad10d02db49bb\",\"name\":\"frfjellh\",\"image\":{\"@type\":\"ImageObject\",\"inLanguage\":\"en-US\",\"@id\":\"https:\\\/\\\/secure.gravatar.com\\\/avatar\\\/017943013ea765ddf779a9451837b3d04cadc6284d31fe4a6f61fdbacf19538e?s=96&d=mm&r=g\",\"url\":\"https:\\\/\\\/secure.gravatar.com\\\/avatar\\\/017943013ea765ddf779a9451837b3d04cadc6284d31fe4a6f61fdbacf19538e?s=96&d=mm&r=g\",\"contentUrl\":\"https:\\\/\\\/secure.gravatar.com\\\/avatar\\\/017943013ea765ddf779a9451837b3d04cadc6284d31fe4a6f61fdbacf19538e?s=96&d=mm&r=g\",\"caption\":\"frfjellh\"},\"url\":\"https:\\\/\\\/vuelie.no\\\/en\\\/author\\\/frfjellh\\\/\"}]}<\/script>\n<!-- \/ Yoast SEO plugin. -->","yoast_head_json":{"title":"Marja Mortensson: Nytt album! Mojhtestasse - vuelie","robots":{"index":"index","follow":"follow","max-snippet":"max-snippet:-1","max-image-preview":"max-image-preview:large","max-video-preview":"max-video-preview:-1"},"canonical":"https:\/\/vuelie.no\/en\/marja-mortensson-nytt-album-mohjtestasse\/","og_locale":"en_US","og_type":"article","og_title":"Marja Mortensson: Nytt album! Mojhtestasse - vuelie","og_description":"Mojhtestasse (minnegave), nytt album ute n\u00e5!  Et knapt \u00e5r etter at hun ga ut sitt bejublede debutalbum er Marja Mortensson klar med sin utgivelse nummer to!  Denne gangen har hun valgt \u00e5 la sin fantastiske stemme tre enda klarere fram \u2013 gjennom en minimalistisk og akustisk produksjon der joiken og r\u00f8ttene blir enda mer framtredende.  Ah, det er s\u00e5 fint, det er s\u00e5 elegant (Klassekampen) Albumet er virkelig vakkert og eventyrlig! (HA)","og_url":"https:\/\/vuelie.no\/en\/marja-mortensson-nytt-album-mohjtestasse\/","og_site_name":"vuelie","article_published_time":"2018-03-11T18:23:43+00:00","article_modified_time":"2021-12-12T17:51:41+00:00","og_image":[{"width":191,"height":250,"url":"https:\/\/vuelie.no\/wp-content\/uploads\/2018\/03\/news_vucd_812_v2.gif","type":"image\/gif"}],"author":"frfjellh","twitter_card":"summary_large_image","twitter_misc":{"Written by":"frfjellh","Est. reading time":"1 minute"},"schema":{"@context":"https:\/\/schema.org","@graph":[{"@type":"Article","@id":"https:\/\/vuelie.no\/en\/marja-mortensson-nytt-album-mohjtestasse\/#article","isPartOf":{"@id":"https:\/\/vuelie.no\/en\/marja-mortensson-nytt-album-mohjtestasse\/"},"author":{"name":"frfjellh","@id":"https:\/\/vuelie.no\/en\/#\/schema\/person\/347123b20a6525788c1ad10d02db49bb"},"headline":"Marja Mortensson: Nytt album! Mojhtestasse","datePublished":"2018-03-11T18:23:43+00:00","dateModified":"2021-12-12T17:51:41+00:00","mainEntityOfPage":{"@id":"https:\/\/vuelie.no\/en\/marja-mortensson-nytt-album-mohjtestasse\/"},"wordCount":246,"image":{"@id":"https:\/\/vuelie.no\/en\/marja-mortensson-nytt-album-mohjtestasse\/#primaryimage"},"thumbnailUrl":"https:\/\/vuelie.no\/wp-content\/uploads\/2018\/03\/news_vucd_812_v2.gif","articleSection":["Musikk","Nyhetsarkiv"],"inLanguage":"en-US"},{"@type":"WebPage","@id":"https:\/\/vuelie.no\/en\/marja-mortensson-nytt-album-mohjtestasse\/","url":"https:\/\/vuelie.no\/en\/marja-mortensson-nytt-album-mohjtestasse\/","name":"Marja Mortensson: Nytt album! Mojhtestasse - vuelie","isPartOf":{"@id":"https:\/\/vuelie.no\/en\/#website"},"primaryImageOfPage":{"@id":"https:\/\/vuelie.no\/en\/marja-mortensson-nytt-album-mohjtestasse\/#primaryimage"},"image":{"@id":"https:\/\/vuelie.no\/en\/marja-mortensson-nytt-album-mohjtestasse\/#primaryimage"},"thumbnailUrl":"https:\/\/vuelie.no\/wp-content\/uploads\/2018\/03\/news_vucd_812_v2.gif","datePublished":"2018-03-11T18:23:43+00:00","dateModified":"2021-12-12T17:51:41+00:00","author":{"@id":"https:\/\/vuelie.no\/en\/#\/schema\/person\/347123b20a6525788c1ad10d02db49bb"},"breadcrumb":{"@id":"https:\/\/vuelie.no\/en\/marja-mortensson-nytt-album-mohjtestasse\/#breadcrumb"},"inLanguage":"en-US","potentialAction":[{"@type":"ReadAction","target":["https:\/\/vuelie.no\/en\/marja-mortensson-nytt-album-mohjtestasse\/"]}]},{"@type":"ImageObject","inLanguage":"en-US","@id":"https:\/\/vuelie.no\/en\/marja-mortensson-nytt-album-mohjtestasse\/#primaryimage","url":"https:\/\/vuelie.no\/wp-content\/uploads\/2018\/03\/news_vucd_812_v2.gif","contentUrl":"https:\/\/vuelie.no\/wp-content\/uploads\/2018\/03\/news_vucd_812_v2.gif","width":191,"height":250},{"@type":"BreadcrumbList","@id":"https:\/\/vuelie.no\/en\/marja-mortensson-nytt-album-mohjtestasse\/#breadcrumb","itemListElement":[{"@type":"ListItem","position":1,"name":"Home","item":"https:\/\/vuelie.no\/en\/"},{"@type":"ListItem","position":2,"name":"Marja Mortensson: Nytt album! Mojhtestasse"}]},{"@type":"WebSite","@id":"https:\/\/vuelie.no\/en\/#website","url":"https:\/\/vuelie.no\/en\/","name":"vuelie","description":"Vuelie\/Frode Fjellheim","potentialAction":[{"@type":"SearchAction","target":{"@type":"EntryPoint","urlTemplate":"https:\/\/vuelie.no\/en\/?s={search_term_string}"},"query-input":{"@type":"PropertyValueSpecification","valueRequired":true,"valueName":"search_term_string"}}],"inLanguage":"en-US"},{"@type":"Person","@id":"https:\/\/vuelie.no\/en\/#\/schema\/person\/347123b20a6525788c1ad10d02db49bb","name":"frfjellh","image":{"@type":"ImageObject","inLanguage":"en-US","@id":"https:\/\/secure.gravatar.com\/avatar\/017943013ea765ddf779a9451837b3d04cadc6284d31fe4a6f61fdbacf19538e?s=96&d=mm&r=g","url":"https:\/\/secure.gravatar.com\/avatar\/017943013ea765ddf779a9451837b3d04cadc6284d31fe4a6f61fdbacf19538e?s=96&d=mm&r=g","contentUrl":"https:\/\/secure.gravatar.com\/avatar\/017943013ea765ddf779a9451837b3d04cadc6284d31fe4a6f61fdbacf19538e?s=96&d=mm&r=g","caption":"frfjellh"},"url":"https:\/\/vuelie.no\/en\/author\/frfjellh\/"}]}},"_links":{"self":[{"href":"https:\/\/vuelie.no\/en\/wp-json\/wp\/v2\/posts\/3006","targetHints":{"allow":["GET"]}}],"collection":[{"href":"https:\/\/vuelie.no\/en\/wp-json\/wp\/v2\/posts"}],"about":[{"href":"https:\/\/vuelie.no\/en\/wp-json\/wp\/v2\/types\/post"}],"author":[{"embeddable":true,"href":"https:\/\/vuelie.no\/en\/wp-json\/wp\/v2\/users\/1"}],"replies":[{"embeddable":true,"href":"https:\/\/vuelie.no\/en\/wp-json\/wp\/v2\/comments?post=3006"}],"version-history":[{"count":41,"href":"https:\/\/vuelie.no\/en\/wp-json\/wp\/v2\/posts\/3006\/revisions"}],"predecessor-version":[{"id":3970,"href":"https:\/\/vuelie.no\/en\/wp-json\/wp\/v2\/posts\/3006\/revisions\/3970"}],"wp:featuredmedia":[{"embeddable":true,"href":"https:\/\/vuelie.no\/en\/wp-json\/wp\/v2\/media\/3073"}],"wp:attachment":[{"href":"https:\/\/vuelie.no\/en\/wp-json\/wp\/v2\/media?parent=3006"}],"wp:term":[{"taxonomy":"category","embeddable":true,"href":"https:\/\/vuelie.no\/en\/wp-json\/wp\/v2\/categories?post=3006"},{"taxonomy":"post_tag","embeddable":true,"href":"https:\/\/vuelie.no\/en\/wp-json\/wp\/v2\/tags?post=3006"}],"curies":[{"name":"wp","href":"https:\/\/api.w.org\/{rel}","templated":true}]}}